{"id":20277,"date":"2020-03-17T07:58:57","date_gmt":"2020-03-17T06:58:57","guid":{"rendered":"https:\/\/reconstruccionaccidentestrafico.com\/ipsum-ja-som-partner-collaborador-de-anava-rc\/"},"modified":"2020-03-17T07:58:57","modified_gmt":"2020-03-17T06:58:57","slug":"ipsum-ja-som-partner-collaborador-de-anava-rc","status":"publish","type":"post","link":"https:\/\/reconstruccionaccidentestrafico.com\/ca\/ipsum-ja-som-partner-collaborador-de-anava-rc\/","title":{"rendered":"Ipsum ja som partner col\u00b7laborador de ANAVA-RC"},"content":{"rendered":"<h2>El mes de febrer passat Ipsum va signar un acord de col\u00b7laboraci\u00f3 amb l&#8217;Associaci\u00f3 de v\u00edctimes d&#8217;accidents d&#8217;ANAVA-RC<\/h2>\n<p> El mes de febrer passat a Ipsum vam passar a ser partner col\u00b7laborador d&#8217;Anava RC: Associaci\u00f3 d&#8217;Advocats i V\u00edctimes d&#8217;Accidents de Responsabilitat Civil. &nbsp; Anava RC va n\u00e9ixer al seu moment amb la finalitat de defensar i protegir els drets de les v\u00edctimes d&#8217;accidents de tr\u00e0nsit (i v\u00edctimes d&#8217;accidents de tota mena) davant de: <\/p>\n<ul>\n<li>les novetats legislatives que despenalitzaven els judicis de faltes (Llei Org\u00e0nica 1\/2015, de 30 de mar\u00e7, de modificaci\u00f3 del Codi Penal)<\/li>\n<li>el nou barem de valoraci\u00f3 de dany corporal (Llei 35\/2015, de 22 de setembre), el qual retocava de manera restrictiva la interlocut\u00f2ria de t\u00edtol executiu i introdu\u00efa l&#8217;obligaci\u00f3 de l&#8217;oferta motivada.<\/li>\n<\/ul>\n<p>&nbsp; Davant d&#8217;aquestes novetats legislatives que deixaven les v\u00edctimes en situaci\u00f3 d&#8217;indefensi\u00f3 a l&#8217;hora de reclamar la indemnitzaci\u00f3 pertinent, l&#8217;objectiu fundacional d&#8217;ANAVA RC va ser unir forces per part dels advocats especialitzats en responsabilitat civil. Amb aquest prop\u00f2sit, l&#8217;entitat fixava entre els seus objectius dotar els advocats de v\u00edctimes d&#8217;accidents de les eines necess\u00e0ries per defensar i protegir tan b\u00e9 com fos possible els drets dels damnificats (formacions, publicacions, congressos\u2026), unir forces per tenir m\u00e9s pres\u00e8ncia i notorietat en la seva defensa, aconseguir m\u00e9s suport institucional, intercanviar coneixements i experi\u00e8ncies amb altres professionals del ram, establir una xarxa d&#8217;intercanvis professionals, lluitar contra la compet\u00e8ncia deslleial i aconseguir acords competitius per als associats de l&#8217;entitat.  &nbsp; Per a Ipsum, passar a ser partner col\u00b7laborador d&#8217;ANAVA-RC \u00e9s una oportunitat enriquidora, ja que ens permet con\u00e8ixer millor un dels nostres clients directes (els advocats de v\u00edctimes), ens facilita intercanviar-hi experi\u00e8ncies i inquietuds professionals, amplia la perspectiva des de la que desenvolupem la nostra feina, ens d\u00f3na l&#8217;oportunitat d&#8217;aportar el nostre granet de sorra oferint avantatges diferencials als seus associats i compleix completament la filosofia empresarial de la nostra entitat. Les empreses han d&#8217;establir intercanvis i col\u00b7laboracions sobre la base de valors que permetin exercir un impacte positiu en l&#8217;\u00e0mbit on actuen. En aquest cas, unir forces per defensar i protegir les v\u00edctimes de sinistres vials davant de la gradual p\u00e8rdua de drets a qu\u00e8 s&#8217;han vist exposats els \u00faltims anys ens sembla completament necessari.&nbsp; En el marc de les iniciatives formatives i d&#8217;intercanvi professional que promou ANAVA-RC, vam tenir oportunitat d&#8217;assistir el 6 de mar\u00e7 passat al <a title=\"Resum del III Congr\u00e9s Nacional de V\u00edctimes d'Accidents de Tr\u00e0nsit\" href=\"https:\/\/www.lawyerpress.com\/2020\/03\/10\/abogados-de-toda-espana-se-unen-en-favor-de-las-victimas-de-accidentes-y-denunciar-su-gradual-perdida-de-derechos\/\">III Congr\u00e9s Nacional de Defensa dels Drets de les V\u00edctimes d&#8217;Accidents de Tr\u00e0nsit<\/a> , que l&#8217;entitat va organitzar conjuntament amb el <a title=\"Programa del III Congreso Nacional de V\u00edctimas de Accidentes de Tr\u00e1fico\" href=\"https:\/\/www.icab.es\/?go=eaf9d1a0ec5f1dc58757ad6cffdacedb1a58854a600312cc8ae6ed9d52eec040f609f2c745d469d312245f69fb75cfd8616bcc4752c3575a8ce70256e47d8fb43ceb360f393be7c5\">Col\u00b7legi de l&#8217;Advocacia de Barcelona (ICAB)<\/a> . En aquest congr\u00e9s es van abordar els temes que preocupen i afecten el sector despr\u00e9s del canvi de barem, a trav\u00e9s de diverses taules rodones, de les quals va ser especialment interessant per a Ipsum per afinitat professional la primera: la prova del nexe causal en el traumatisme menor de la columna vertebral. Va ser una jornada profitosa on vam tenir ocasi\u00f3 de saludar molts professionals coneguts i establir nous contactes per\u00f2, sobretot, vam tenir opci\u00f3 d&#8217;ampliar els nostres coneixements i les nostres mires, escoltant i descobrint punts de vista de professionals complementaris. Benvingudes siguin totes les col\u00b7laboracions que millorin la nostra feina! Esperem que sigui la primera de moltes.      <\/p>\n","protected":false},"excerpt":{"rendered":"<p>El mes de febrer passat Ipsum va signar un acord de col\u00b7laboraci\u00f3 amb l&#8217;Associaci\u00f3 de v\u00edctimes d&#8217;accidents d&#8217;ANAVA-RC El mes de febrer passat a Ipsum vam passar a ser partner col\u00b7laborador d&#8217;Anava RC: Associaci\u00f3 d&#8217;Advocats i V\u00edctimes d&#8217;Accidents de Responsabilitat Civil. &nbsp; Anava RC va n\u00e9ixer al seu moment amb la finalitat de defensar i [&hellip;]<\/p>\n","protected":false},"author":3,"featured_media":20278,"comment_status":"open","ping_status":"open","sticky":false,"template":"","format":"standard","meta":{"_acf_changed":false,"content-type":"","inline_featured_image":false,"_joinchat":[],"footnotes":""},"categories":[569,570],"tags":[573,574,575,576,577,571,572,578,579],"class_list":["post-20277","post","type-post","status-publish","format-standard","has-post-thumbnail","hentry","category-noticies-ca","category-novetats-ca","tag-advocats-transit-ca","tag-anavarc-ca","tag-collaboracio-professional-accidents-transit","tag-ipsum-ca","tag-nou-barem-transit","tag-reconstruccio-accidents-transit-ca","tag-sinistre-viari-ca","tag-victimes-accidents","tag-victimes-accidents-transit"],"acf":[],"yoast_head":"<!-- This site is optimized with the Yoast SEO plugin v25.6 - https:\/\/yoast.com\/wordpress\/plugins\/seo\/ -->\n<title>IPSUM partner d&#039;ANAVA-RC Associaci\u00f3 de V\u00edctimes d&#039;Accidents<\/title>\n<meta name=\"description\" content=\"Col\u00b7laborar amb ANAVA-RC ens permet enriquir-nos i con\u00e8ixer millor els advocats d&#039;accidents de tr\u00e0nsit, a m\u00e9s d&#039;aportar el nostre granet de sorra.\" \/>\n<meta name=\"robots\" content=\"index, follow, max-snippet:-1, max-image-preview:large, max-video-preview:-1\" \/>\n<link rel=\"canonical\" href=\"https:\/\/reconstruccionaccidentestrafico.com\/ca\/ipsum-ja-som-partner-collaborador-de-anava-rc\/\" \/>\n<meta property=\"og:locale\" content=\"ca_ES\" \/>\n<meta property=\"og:type\" content=\"article\" \/>\n<meta property=\"og:title\" content=\"IPSUM partner d&#039;ANAVA-RC Associaci\u00f3 de V\u00edctimes d&#039;Accidents\" \/>\n<meta property=\"og:description\" content=\"Col\u00b7laborar amb ANAVA-RC ens permet enriquir-nos i con\u00e8ixer millor els advocats d&#039;accidents de tr\u00e0nsit, a m\u00e9s d&#039;aportar el nostre granet de sorra.\" \/>\n<meta property=\"og:url\" content=\"https:\/\/reconstruccionaccidentestrafico.com\/ca\/ipsum-ja-som-partner-collaborador-de-anava-rc\/\" \/>\n<meta property=\"og:site_name\" content=\"Perito de Accidentes de Tr\u00e1fico en Barcelona | Investigaci\u00f3n y Reconstrucci\u00f3n\" \/>\n<meta property=\"article:published_time\" content=\"2020-03-17T06:58:57+00:00\" \/>\n<meta property=\"og:image\" content=\"https:\/\/reconstruccionaccidentestrafico.com\/wp-content\/uploads\/2020\/03\/LOGO-ANAVA-.png\" \/>\n\t<meta property=\"og:image:width\" content=\"2048\" \/>\n\t<meta property=\"og:image:height\" content=\"511\" \/>\n\t<meta property=\"og:image:type\" content=\"image\/png\" \/>\n<meta name=\"author\" content=\"Ez9TmmQTtELKx\" \/>\n<meta name=\"twitter:card\" content=\"summary_large_image\" \/>\n<meta name=\"twitter:label1\" content=\"Escrit per\" \/>\n\t<meta name=\"twitter:data1\" content=\"Ez9TmmQTtELKx\" \/>\n\t<meta name=\"twitter:label2\" content=\"Temps estimat de lectura\" \/>\n\t<meta name=\"twitter:data2\" content=\"3 minuts\" \/>\n<script type=\"application\/ld+json\" class=\"yoast-schema-graph\">{\"@context\":\"https:\/\/schema.org\",\"@graph\":[{\"@type\":\"WebPage\",\"@id\":\"https:\/\/reconstruccionaccidentestrafico.com\/ca\/ipsum-ja-som-partner-collaborador-de-anava-rc\/\",\"url\":\"https:\/\/reconstruccionaccidentestrafico.com\/ca\/ipsum-ja-som-partner-collaborador-de-anava-rc\/\",\"name\":\"IPSUM partner d'ANAVA-RC Associaci\u00f3 de V\u00edctimes d'Accidents\",\"isPartOf\":{\"@id\":\"https:\/\/reconstruccionaccidentestrafico.com\/#website\"},\"primaryImageOfPage\":{\"@id\":\"https:\/\/reconstruccionaccidentestrafico.com\/ca\/ipsum-ja-som-partner-collaborador-de-anava-rc\/#primaryimage\"},\"image\":{\"@id\":\"https:\/\/reconstruccionaccidentestrafico.com\/ca\/ipsum-ja-som-partner-collaborador-de-anava-rc\/#primaryimage\"},\"thumbnailUrl\":\"https:\/\/reconstruccionaccidentestrafico.com\/wp-content\/uploads\/2020\/03\/LOGO-ANAVA-.png\",\"datePublished\":\"2020-03-17T06:58:57+00:00\",\"author\":{\"@id\":\"https:\/\/reconstruccionaccidentestrafico.com\/#\/schema\/person\/00704e88d445f03b4756aff2dafe2fe3\"},\"description\":\"Col\u00b7laborar amb ANAVA-RC ens permet enriquir-nos i con\u00e8ixer millor els advocats d'accidents de tr\u00e0nsit, a m\u00e9s d'aportar el nostre granet de sorra.\",\"breadcrumb\":{\"@id\":\"https:\/\/reconstruccionaccidentestrafico.com\/ca\/ipsum-ja-som-partner-collaborador-de-anava-rc\/#breadcrumb\"},\"inLanguage\":\"ca\",\"potentialAction\":[{\"@type\":\"ReadAction\",\"target\":[\"https:\/\/reconstruccionaccidentestrafico.com\/ca\/ipsum-ja-som-partner-collaborador-de-anava-rc\/\"]}]},{\"@type\":\"ImageObject\",\"inLanguage\":\"ca\",\"@id\":\"https:\/\/reconstruccionaccidentestrafico.com\/ca\/ipsum-ja-som-partner-collaborador-de-anava-rc\/#primaryimage\",\"url\":\"https:\/\/reconstruccionaccidentestrafico.com\/wp-content\/uploads\/2020\/03\/LOGO-ANAVA-.png\",\"contentUrl\":\"https:\/\/reconstruccionaccidentestrafico.com\/wp-content\/uploads\/2020\/03\/LOGO-ANAVA-.png\",\"width\":2048,\"height\":511},{\"@type\":\"BreadcrumbList\",\"@id\":\"https:\/\/reconstruccionaccidentestrafico.com\/ca\/ipsum-ja-som-partner-collaborador-de-anava-rc\/#breadcrumb\",\"itemListElement\":[{\"@type\":\"ListItem\",\"position\":1,\"name\":\"Portada\",\"item\":\"https:\/\/reconstruccionaccidentestrafico.com\/\"},{\"@type\":\"ListItem\",\"position\":2,\"name\":\"Ipsum ja som partner col\u00b7laborador de ANAVA-RC\"}]},{\"@type\":\"WebSite\",\"@id\":\"https:\/\/reconstruccionaccidentestrafico.com\/#website\",\"url\":\"https:\/\/reconstruccionaccidentestrafico.com\/\",\"name\":\"Perito de Accidentes de Tr\u00e1fico en Barcelona | Investigaci\u00f3n y Reconstrucci\u00f3n\",\"description\":\"Just another WordPress site\",\"potentialAction\":[{\"@type\":\"SearchAction\",\"target\":{\"@type\":\"EntryPoint\",\"urlTemplate\":\"https:\/\/reconstruccionaccidentestrafico.com\/?s={search_term_string}\"},\"query-input\":{\"@type\":\"PropertyValueSpecification\",\"valueRequired\":true,\"valueName\":\"search_term_string\"}}],\"inLanguage\":\"ca\"},{\"@type\":\"Person\",\"@id\":\"https:\/\/reconstruccionaccidentestrafico.com\/#\/schema\/person\/00704e88d445f03b4756aff2dafe2fe3\",\"name\":\"Ez9TmmQTtELKx\",\"image\":{\"@type\":\"ImageObject\",\"inLanguage\":\"ca\",\"@id\":\"https:\/\/reconstruccionaccidentestrafico.com\/#\/schema\/person\/image\/\",\"url\":\"https:\/\/secure.gravatar.com\/avatar\/22c6e61b197bfcfe682559e4aa8d3534?s=96&d=mm&r=g\",\"contentUrl\":\"https:\/\/secure.gravatar.com\/avatar\/22c6e61b197bfcfe682559e4aa8d3534?s=96&d=mm&r=g\",\"caption\":\"Ez9TmmQTtELKx\"}}]}<\/script>\n<!-- \/ Yoast SEO plugin. -->","yoast_head_json":{"title":"IPSUM partner d'ANAVA-RC Associaci\u00f3 de V\u00edctimes d'Accidents","description":"Col\u00b7laborar amb ANAVA-RC ens permet enriquir-nos i con\u00e8ixer millor els advocats d'accidents de tr\u00e0nsit, a m\u00e9s d'aportar el nostre granet de sorra.","robots":{"index":"index","follow":"follow","max-snippet":"max-snippet:-1","max-image-preview":"max-image-preview:large","max-video-preview":"max-video-preview:-1"},"canonical":"https:\/\/reconstruccionaccidentestrafico.com\/ca\/ipsum-ja-som-partner-collaborador-de-anava-rc\/","og_locale":"ca_ES","og_type":"article","og_title":"IPSUM partner d'ANAVA-RC Associaci\u00f3 de V\u00edctimes d'Accidents","og_description":"Col\u00b7laborar amb ANAVA-RC ens permet enriquir-nos i con\u00e8ixer millor els advocats d'accidents de tr\u00e0nsit, a m\u00e9s d'aportar el nostre granet de sorra.","og_url":"https:\/\/reconstruccionaccidentestrafico.com\/ca\/ipsum-ja-som-partner-collaborador-de-anava-rc\/","og_site_name":"Perito de Accidentes de Tr\u00e1fico en Barcelona | Investigaci\u00f3n y Reconstrucci\u00f3n","article_published_time":"2020-03-17T06:58:57+00:00","og_image":[{"width":2048,"height":511,"url":"https:\/\/reconstruccionaccidentestrafico.com\/wp-content\/uploads\/2020\/03\/LOGO-ANAVA-.png","type":"image\/png"}],"author":"Ez9TmmQTtELKx","twitter_card":"summary_large_image","twitter_misc":{"Escrit per":"Ez9TmmQTtELKx","Temps estimat de lectura":"3 minuts"},"schema":{"@context":"https:\/\/schema.org","@graph":[{"@type":"WebPage","@id":"https:\/\/reconstruccionaccidentestrafico.com\/ca\/ipsum-ja-som-partner-collaborador-de-anava-rc\/","url":"https:\/\/reconstruccionaccidentestrafico.com\/ca\/ipsum-ja-som-partner-collaborador-de-anava-rc\/","name":"IPSUM partner d'ANAVA-RC Associaci\u00f3 de V\u00edctimes d'Accidents","isPartOf":{"@id":"https:\/\/reconstruccionaccidentestrafico.com\/#website"},"primaryImageOfPage":{"@id":"https:\/\/reconstruccionaccidentestrafico.com\/ca\/ipsum-ja-som-partner-collaborador-de-anava-rc\/#primaryimage"},"image":{"@id":"https:\/\/reconstruccionaccidentestrafico.com\/ca\/ipsum-ja-som-partner-collaborador-de-anava-rc\/#primaryimage"},"thumbnailUrl":"https:\/\/reconstruccionaccidentestrafico.com\/wp-content\/uploads\/2020\/03\/LOGO-ANAVA-.png","datePublished":"2020-03-17T06:58:57+00:00","author":{"@id":"https:\/\/reconstruccionaccidentestrafico.com\/#\/schema\/person\/00704e88d445f03b4756aff2dafe2fe3"},"description":"Col\u00b7laborar amb ANAVA-RC ens permet enriquir-nos i con\u00e8ixer millor els advocats d'accidents de tr\u00e0nsit, a m\u00e9s d'aportar el nostre granet de sorra.","breadcrumb":{"@id":"https:\/\/reconstruccionaccidentestrafico.com\/ca\/ipsum-ja-som-partner-collaborador-de-anava-rc\/#breadcrumb"},"inLanguage":"ca","potentialAction":[{"@type":"ReadAction","target":["https:\/\/reconstruccionaccidentestrafico.com\/ca\/ipsum-ja-som-partner-collaborador-de-anava-rc\/"]}]},{"@type":"ImageObject","inLanguage":"ca","@id":"https:\/\/reconstruccionaccidentestrafico.com\/ca\/ipsum-ja-som-partner-collaborador-de-anava-rc\/#primaryimage","url":"https:\/\/reconstruccionaccidentestrafico.com\/wp-content\/uploads\/2020\/03\/LOGO-ANAVA-.png","contentUrl":"https:\/\/reconstruccionaccidentestrafico.com\/wp-content\/uploads\/2020\/03\/LOGO-ANAVA-.png","width":2048,"height":511},{"@type":"BreadcrumbList","@id":"https:\/\/reconstruccionaccidentestrafico.com\/ca\/ipsum-ja-som-partner-collaborador-de-anava-rc\/#breadcrumb","itemListElement":[{"@type":"ListItem","position":1,"name":"Portada","item":"https:\/\/reconstruccionaccidentestrafico.com\/"},{"@type":"ListItem","position":2,"name":"Ipsum ja som partner col\u00b7laborador de ANAVA-RC"}]},{"@type":"WebSite","@id":"https:\/\/reconstruccionaccidentestrafico.com\/#website","url":"https:\/\/reconstruccionaccidentestrafico.com\/","name":"Perito de Accidentes de Tr\u00e1fico en Barcelona | Investigaci\u00f3n y Reconstrucci\u00f3n","description":"Just another WordPress site","potentialAction":[{"@type":"SearchAction","target":{"@type":"EntryPoint","urlTemplate":"https:\/\/reconstruccionaccidentestrafico.com\/?s={search_term_string}"},"query-input":{"@type":"PropertyValueSpecification","valueRequired":true,"valueName":"search_term_string"}}],"inLanguage":"ca"},{"@type":"Person","@id":"https:\/\/reconstruccionaccidentestrafico.com\/#\/schema\/person\/00704e88d445f03b4756aff2dafe2fe3","name":"Ez9TmmQTtELKx","image":{"@type":"ImageObject","inLanguage":"ca","@id":"https:\/\/reconstruccionaccidentestrafico.com\/#\/schema\/person\/image\/","url":"https:\/\/secure.gravatar.com\/avatar\/22c6e61b197bfcfe682559e4aa8d3534?s=96&d=mm&r=g","contentUrl":"https:\/\/secure.gravatar.com\/avatar\/22c6e61b197bfcfe682559e4aa8d3534?s=96&d=mm&r=g","caption":"Ez9TmmQTtELKx"}}]}},"_links":{"self":[{"href":"https:\/\/reconstruccionaccidentestrafico.com\/ca\/wp-json\/wp\/v2\/posts\/20277"}],"collection":[{"href":"https:\/\/reconstruccionaccidentestrafico.com\/ca\/wp-json\/wp\/v2\/posts"}],"about":[{"href":"https:\/\/reconstruccionaccidentestrafico.com\/ca\/wp-json\/wp\/v2\/types\/post"}],"author":[{"embeddable":true,"href":"https:\/\/reconstruccionaccidentestrafico.com\/ca\/wp-json\/wp\/v2\/users\/3"}],"replies":[{"embeddable":true,"href":"https:\/\/reconstruccionaccidentestrafico.com\/ca\/wp-json\/wp\/v2\/comments?post=20277"}],"version-history":[{"count":0,"href":"https:\/\/reconstruccionaccidentestrafico.com\/ca\/wp-json\/wp\/v2\/posts\/20277\/revisions"}],"wp:featuredmedia":[{"embeddable":true,"href":"https:\/\/reconstruccionaccidentestrafico.com\/ca\/wp-json\/wp\/v2\/media\/20278"}],"wp:attachment":[{"href":"https:\/\/reconstruccionaccidentestrafico.com\/ca\/wp-json\/wp\/v2\/media?parent=20277"}],"wp:term":[{"taxonomy":"category","embeddable":true,"href":"https:\/\/reconstruccionaccidentestrafico.com\/ca\/wp-json\/wp\/v2\/categories?post=20277"},{"taxonomy":"post_tag","embeddable":true,"href":"https:\/\/reconstruccionaccidentestrafico.com\/ca\/wp-json\/wp\/v2\/tags?post=20277"}],"curies":[{"name":"wp","href":"https:\/\/api.w.org\/{rel}","templated":true}]}}